{"id":1998,"date":"2025-07-24T23:41:05","date_gmt":"2025-07-24T23:41:05","guid":{"rendered":"https:\/\/subitoagency.com\/?p=1998"},"modified":"2025-07-24T23:44:08","modified_gmt":"2025-07-24T23:44:08","slug":"diseno-emocional-cuando-lo-bonito-tambien-conecta-con-el-usuario","status":"publish","type":"post","link":"https:\/\/subitoagency.com\/es\/design\/diseno-emocional-cuando-lo-bonito-tambien-conecta-con-el-usuario\/","title":{"rendered":"Dise\u00f1o emocional: cuando lo bonito tambi\u00e9n conecta con el usuario"},"content":{"rendered":"<div data-elementor-type=\"wp-post\" data-elementor-id=\"1998\" class=\"elementor elementor-1998\" data-elementor-post-type=\"post\">\n\t\t\t\t<div class=\"content-row-elementor elementor-element elementor-element-341ca005 dark-section inherit-header-color full_elementor row_padding_left_elementor row_padding_right_elementor e-flex e-con-boxed e-con e-parent\" data-id=\"341ca005\" data-element_type=\"container\" data-e-type=\"container\">\n\t\t\t\t\t<div class=\"e-con-inner\">\n\t\t\t\t<div class=\"elementor-element elementor-element-5f2ce84e elementor-widget elementor-widget-text-editor\" data-id=\"5f2ce84e\" data-element_type=\"widget\" data-e-type=\"widget\" data-widget_type=\"text-editor.default\">\n\t\t\t\t<div class=\"elementor-widget-container\">\n\t\t\t\t\t\t\t\t\t<p><span style=\"font-weight: 400;\">En el mundo del dise\u00f1o gr\u00e1fico emocional, todo deber\u00eda verse bien y ser f\u00e1cil de entender. Pero&#8230; \u00bfPuede el dise\u00f1o realmente conectar con las emociones del usuario?\u00a0<\/span><\/p><p>\u00a0<\/p><p><span style=\"font-weight: 400;\">La respuesta es s\u00ed. Y no solo es posible: hoy en d\u00eda, se espera que el dise\u00f1o centrado en el usuario genere una conexi\u00f3n emocional aut\u00e9ntica.\u00a0<\/span><\/p><p>\u00a0<\/p><p><span style=\"font-weight: 400;\">Ese v\u00ednculo emocional es tan importante como lo visual. Los mejores dise\u00f1os no solo deben &#8220;verse bien&#8221;, sino tambi\u00e9n resonar con lo que las personas sienten, piensan y comentan. As\u00ed nace una verdadera experiencia de marca.\u00a0<\/span><\/p><p>\u00a0<\/p><p><span style=\"font-weight: 400;\">Un dise\u00f1o s\u00f3lido no se trata \u00fanicamente de ser est\u00e9ticamente atractivo. Debe tener sentido, ser f\u00e1cil de digerir, reflejar la esencia de la marca y, sobre todo, conectar con el p\u00fablico objetivo de manera real.\u00a0<\/span><\/p><p>\u00a0<\/p><p><span style=\"font-weight: 400;\">Para lograrlo, se aplican recursos visuales como tipograf\u00edas, colores y formas que facilitan la recordaci\u00f3n y despiertan emociones. Un dise\u00f1o visualmente llamativo puede hacer que el usuario se sienta feliz, entusiasmado o seguro, y ese sentimiento genera una conexi\u00f3n emocional duradera.\u00a0<\/span><\/p><p>\u00a0<\/p><p><span style=\"font-weight: 400;\">La identidad visual de una marca tambi\u00e9n juega un papel fundamental. Cuando es coherente y consistente, genera familiaridad, confianza y posicionamiento estrat\u00e9gico. Y eso se traduce en afinidad, lealtad y un p\u00fablico fiel.\u00a0<\/span><\/p><p>\u00a0<\/p><p><span style=\"font-weight: 400;\">En resumen: el dise\u00f1o no se trata solo de que algo &#8220;se vea bonito&#8221;. Se trata de una herramienta poderosa para emocionar, comunicar y construir relaciones significativas.<\/span><\/p><p>\u00a0<\/p><p><span style=\"font-weight: 400;\">Cuando el dise\u00f1o logra reflejar lo que representa una marca y c\u00f3mo quiere tocar a su audiencia, no solo destaca: convierte y conecta.<\/span><\/p>\t\t\t\t\t\t\t\t<\/div>\n\t\t\t\t<\/div>\n\t\t\t\t\t<\/div>\n\t\t\t\t<\/div>\n\t\t\t\t<\/div>","protected":false},"excerpt":{"rendered":"<p>En el mundo del dise\u00f1o gr\u00e1fico emocional, todo deber\u00eda verse bien y ser f\u00e1cil de entender. Pero&#8230; \u00bfPuede el dise\u00f1o realmente conectar con las emociones del usuario?\u00a0 \u00a0 La respuesta es s\u00ed. Y no solo [&hellip;]<\/p>","protected":false},"author":1,"featured_media":2003,"comment_status":"open","ping_status":"open","sticky":false,"template":"","format":"standard","meta":{"footnotes":""},"categories":[2],"tags":[],"class_list":["post-1998","post","type-post","status-publish","format-standard","has-post-thumbnail","hentry","category-design"],"yoast_head":"<!-- This site is optimized with the Yoast SEO plugin v27.4 - https:\/\/yoast.com\/product\/yoast-seo-wordpress\/ -->\n<title>Dise\u00f1o emocional: cuando lo bonito tambi\u00e9n conecta con el usuario - S\u00fabito<\/title>\n<meta name=\"robots\" content=\"index, follow, max-snippet:-1, max-image-preview:large, max-video-preview:-1\" \/>\n<link rel=\"canonical\" href=\"https:\/\/subitoagency.com\/es\/design\/diseno-emocional-cuando-lo-bonito-tambien-conecta-con-el-usuario\/\" \/>\n<meta property=\"og:locale\" content=\"es_ES\" \/>\n<meta property=\"og:type\" content=\"article\" \/>\n<meta property=\"og:title\" content=\"Dise\u00f1o emocional: cuando lo bonito tambi\u00e9n conecta con el usuario - S\u00fabito\" \/>\n<meta property=\"og:description\" content=\"En el mundo del dise\u00f1o gr\u00e1fico emocional, todo deber\u00eda verse bien y ser f\u00e1cil de entender. Pero&#8230; \u00bfPuede el dise\u00f1o realmente conectar con las emociones del usuario?\u00a0 \u00a0 La respuesta es s\u00ed. Y no solo [&hellip;]\" \/>\n<meta property=\"og:url\" content=\"https:\/\/subitoagency.com\/es\/design\/diseno-emocional-cuando-lo-bonito-tambien-conecta-con-el-usuario\/\" \/>\n<meta property=\"og:site_name\" content=\"S\u00fabito\" \/>\n<meta property=\"article:publisher\" content=\"https:\/\/www.facebook.com\/subito.agency\" \/>\n<meta property=\"article:published_time\" content=\"2025-07-24T23:41:05+00:00\" \/>\n<meta property=\"article:modified_time\" content=\"2025-07-24T23:44:08+00:00\" \/>\n<meta property=\"og:image\" content=\"https:\/\/subitoagency.com\/wp-content\/uploads\/2025\/07\/clem-onojeghuo-JYE7aeJURSw-unsplash-scaled.jpg\" \/>\n\t<meta property=\"og:image:width\" content=\"1707\" \/>\n\t<meta property=\"og:image:height\" content=\"2560\" \/>\n\t<meta property=\"og:image:type\" content=\"image\/jpeg\" \/>\n<meta name=\"author\" content=\"admin\" \/>\n<meta name=\"twitter:card\" content=\"summary_large_image\" \/>\n<meta name=\"twitter:label1\" content=\"Escrito por\" \/>\n\t<meta name=\"twitter:data1\" content=\"admin\" \/>\n\t<meta name=\"twitter:label2\" content=\"Tiempo de lectura\" \/>\n\t<meta name=\"twitter:data2\" content=\"1 minuto\" \/>\n<script type=\"application\/ld+json\" class=\"yoast-schema-graph\">{\"@context\":\"https:\\\/\\\/schema.org\",\"@graph\":[{\"@type\":\"Article\",\"@id\":\"https:\\\/\\\/subitoagency.com\\\/design\\\/diseno-emocional-cuando-lo-bonito-tambien-conecta-con-el-usuario\\\/#article\",\"isPartOf\":{\"@id\":\"https:\\\/\\\/subitoagency.com\\\/design\\\/diseno-emocional-cuando-lo-bonito-tambien-conecta-con-el-usuario\\\/\"},\"author\":{\"name\":\"admin\",\"@id\":\"https:\\\/\\\/subitoagency.com\\\/#\\\/schema\\\/person\\\/b6b398e6dd71cbe53db7202199838d46\"},\"headline\":\"Dise\u00f1o emocional: cuando lo bonito tambi\u00e9n conecta con el usuario\",\"datePublished\":\"2025-07-24T23:41:05+00:00\",\"dateModified\":\"2025-07-24T23:44:08+00:00\",\"mainEntityOfPage\":{\"@id\":\"https:\\\/\\\/subitoagency.com\\\/design\\\/diseno-emocional-cuando-lo-bonito-tambien-conecta-con-el-usuario\\\/\"},\"wordCount\":287,\"commentCount\":0,\"publisher\":{\"@id\":\"https:\\\/\\\/subitoagency.com\\\/#organization\"},\"image\":{\"@id\":\"https:\\\/\\\/subitoagency.com\\\/design\\\/diseno-emocional-cuando-lo-bonito-tambien-conecta-con-el-usuario\\\/#primaryimage\"},\"thumbnailUrl\":\"https:\\\/\\\/subitoagency.com\\\/wp-content\\\/uploads\\\/2025\\\/07\\\/clem-onojeghuo-JYE7aeJURSw-unsplash-scaled.jpg\",\"articleSection\":[\"Design\"],\"inLanguage\":\"es-CO\",\"potentialAction\":[{\"@type\":\"CommentAction\",\"name\":\"Comment\",\"target\":[\"https:\\\/\\\/subitoagency.com\\\/design\\\/diseno-emocional-cuando-lo-bonito-tambien-conecta-con-el-usuario\\\/#respond\"]}]},{\"@type\":\"WebPage\",\"@id\":\"https:\\\/\\\/subitoagency.com\\\/design\\\/diseno-emocional-cuando-lo-bonito-tambien-conecta-con-el-usuario\\\/\",\"url\":\"https:\\\/\\\/subitoagency.com\\\/design\\\/diseno-emocional-cuando-lo-bonito-tambien-conecta-con-el-usuario\\\/\",\"name\":\"Dise\u00f1o emocional: cuando lo bonito tambi\u00e9n conecta con el usuario - S\u00fabito\",\"isPartOf\":{\"@id\":\"https:\\\/\\\/subitoagency.com\\\/#website\"},\"primaryImageOfPage\":{\"@id\":\"https:\\\/\\\/subitoagency.com\\\/design\\\/diseno-emocional-cuando-lo-bonito-tambien-conecta-con-el-usuario\\\/#primaryimage\"},\"image\":{\"@id\":\"https:\\\/\\\/subitoagency.com\\\/design\\\/diseno-emocional-cuando-lo-bonito-tambien-conecta-con-el-usuario\\\/#primaryimage\"},\"thumbnailUrl\":\"https:\\\/\\\/subitoagency.com\\\/wp-content\\\/uploads\\\/2025\\\/07\\\/clem-onojeghuo-JYE7aeJURSw-unsplash-scaled.jpg\",\"datePublished\":\"2025-07-24T23:41:05+00:00\",\"dateModified\":\"2025-07-24T23:44:08+00:00\",\"breadcrumb\":{\"@id\":\"https:\\\/\\\/subitoagency.com\\\/design\\\/diseno-emocional-cuando-lo-bonito-tambien-conecta-con-el-usuario\\\/#breadcrumb\"},\"inLanguage\":\"es-CO\",\"potentialAction\":[{\"@type\":\"ReadAction\",\"target\":[\"https:\\\/\\\/subitoagency.com\\\/design\\\/diseno-emocional-cuando-lo-bonito-tambien-conecta-con-el-usuario\\\/\"]}]},{\"@type\":\"ImageObject\",\"inLanguage\":\"es-CO\",\"@id\":\"https:\\\/\\\/subitoagency.com\\\/design\\\/diseno-emocional-cuando-lo-bonito-tambien-conecta-con-el-usuario\\\/#primaryimage\",\"url\":\"https:\\\/\\\/subitoagency.com\\\/wp-content\\\/uploads\\\/2025\\\/07\\\/clem-onojeghuo-JYE7aeJURSw-unsplash-scaled.jpg\",\"contentUrl\":\"https:\\\/\\\/subitoagency.com\\\/wp-content\\\/uploads\\\/2025\\\/07\\\/clem-onojeghuo-JYE7aeJURSw-unsplash-scaled.jpg\",\"width\":1707,\"height\":2560,\"caption\":\"Marketing dise\u00f1o emocional\"},{\"@type\":\"BreadcrumbList\",\"@id\":\"https:\\\/\\\/subitoagency.com\\\/design\\\/diseno-emocional-cuando-lo-bonito-tambien-conecta-con-el-usuario\\\/#breadcrumb\",\"itemListElement\":[{\"@type\":\"ListItem\",\"position\":1,\"name\":\"Home\",\"item\":\"https:\\\/\\\/subitoagency.com\\\/\"},{\"@type\":\"ListItem\",\"position\":2,\"name\":\"Dise\u00f1o emocional: cuando lo bonito tambi\u00e9n conecta con el usuario\"}]},{\"@type\":\"WebSite\",\"@id\":\"https:\\\/\\\/subitoagency.com\\\/#website\",\"url\":\"https:\\\/\\\/subitoagency.com\\\/\",\"name\":\"S\u00fabito\",\"description\":\"Agency\",\"publisher\":{\"@id\":\"https:\\\/\\\/subitoagency.com\\\/#organization\"},\"potentialAction\":[{\"@type\":\"SearchAction\",\"target\":{\"@type\":\"EntryPoint\",\"urlTemplate\":\"https:\\\/\\\/subitoagency.com\\\/?s={search_term_string}\"},\"query-input\":{\"@type\":\"PropertyValueSpecification\",\"valueRequired\":true,\"valueName\":\"search_term_string\"}}],\"inLanguage\":\"es-CO\"},{\"@type\":\"Organization\",\"@id\":\"https:\\\/\\\/subitoagency.com\\\/#organization\",\"name\":\"S\u00fabito\",\"url\":\"https:\\\/\\\/subitoagency.com\\\/\",\"logo\":{\"@type\":\"ImageObject\",\"inLanguage\":\"es-CO\",\"@id\":\"https:\\\/\\\/subitoagency.com\\\/#\\\/schema\\\/logo\\\/image\\\/\",\"url\":\"https:\\\/\\\/subitoagency.com\\\/wp-content\\\/uploads\\\/2024\\\/09\\\/Logotipo-negrocolor.png\",\"contentUrl\":\"https:\\\/\\\/subitoagency.com\\\/wp-content\\\/uploads\\\/2024\\\/09\\\/Logotipo-negrocolor.png\",\"width\":4501,\"height\":4500,\"caption\":\"S\u00fabito\"},\"image\":{\"@id\":\"https:\\\/\\\/subitoagency.com\\\/#\\\/schema\\\/logo\\\/image\\\/\"},\"sameAs\":[\"https:\\\/\\\/www.facebook.com\\\/subito.agency\",\"https:\\\/\\\/www.instagram.com\\\/subito.agency\\\/\"]},{\"@type\":\"Person\",\"@id\":\"https:\\\/\\\/subitoagency.com\\\/#\\\/schema\\\/person\\\/b6b398e6dd71cbe53db7202199838d46\",\"name\":\"admin\",\"image\":{\"@type\":\"ImageObject\",\"inLanguage\":\"es-CO\",\"@id\":\"https:\\\/\\\/secure.gravatar.com\\\/avatar\\\/26f95b6746609e354ed8dd82ec6a681b397aedaf7f750096f3a8afdc0ddda065?s=96&d=mm&r=g\",\"url\":\"https:\\\/\\\/secure.gravatar.com\\\/avatar\\\/26f95b6746609e354ed8dd82ec6a681b397aedaf7f750096f3a8afdc0ddda065?s=96&d=mm&r=g\",\"contentUrl\":\"https:\\\/\\\/secure.gravatar.com\\\/avatar\\\/26f95b6746609e354ed8dd82ec6a681b397aedaf7f750096f3a8afdc0ddda065?s=96&d=mm&r=g\",\"caption\":\"admin\"},\"sameAs\":[\"https:\\\/\\\/subitoagency.com\"],\"url\":\"https:\\\/\\\/subitoagency.com\\\/es\\\/author\\\/admin\\\/\"}]}<\/script>\n<!-- \/ Yoast SEO plugin. -->","yoast_head_json":{"title":"Dise\u00f1o emocional: cuando lo bonito tambi\u00e9n conecta con el usuario - S\u00fabito","robots":{"index":"index","follow":"follow","max-snippet":"max-snippet:-1","max-image-preview":"max-image-preview:large","max-video-preview":"max-video-preview:-1"},"canonical":"https:\/\/subitoagency.com\/es\/design\/diseno-emocional-cuando-lo-bonito-tambien-conecta-con-el-usuario\/","og_locale":"es_ES","og_type":"article","og_title":"Dise\u00f1o emocional: cuando lo bonito tambi\u00e9n conecta con el usuario - S\u00fabito","og_description":"En el mundo del dise\u00f1o gr\u00e1fico emocional, todo deber\u00eda verse bien y ser f\u00e1cil de entender. Pero&#8230; \u00bfPuede el dise\u00f1o realmente conectar con las emociones del usuario?\u00a0 \u00a0 La respuesta es s\u00ed. Y no solo [&hellip;]","og_url":"https:\/\/subitoagency.com\/es\/design\/diseno-emocional-cuando-lo-bonito-tambien-conecta-con-el-usuario\/","og_site_name":"S\u00fabito","article_publisher":"https:\/\/www.facebook.com\/subito.agency","article_published_time":"2025-07-24T23:41:05+00:00","article_modified_time":"2025-07-24T23:44:08+00:00","og_image":[{"width":1707,"height":2560,"url":"https:\/\/subitoagency.com\/wp-content\/uploads\/2025\/07\/clem-onojeghuo-JYE7aeJURSw-unsplash-scaled.jpg","type":"image\/jpeg"}],"author":"admin","twitter_card":"summary_large_image","twitter_misc":{"Escrito por":"admin","Tiempo de lectura":"1 minuto"},"schema":{"@context":"https:\/\/schema.org","@graph":[{"@type":"Article","@id":"https:\/\/subitoagency.com\/design\/diseno-emocional-cuando-lo-bonito-tambien-conecta-con-el-usuario\/#article","isPartOf":{"@id":"https:\/\/subitoagency.com\/design\/diseno-emocional-cuando-lo-bonito-tambien-conecta-con-el-usuario\/"},"author":{"name":"admin","@id":"https:\/\/subitoagency.com\/#\/schema\/person\/b6b398e6dd71cbe53db7202199838d46"},"headline":"Dise\u00f1o emocional: cuando lo bonito tambi\u00e9n conecta con el usuario","datePublished":"2025-07-24T23:41:05+00:00","dateModified":"2025-07-24T23:44:08+00:00","mainEntityOfPage":{"@id":"https:\/\/subitoagency.com\/design\/diseno-emocional-cuando-lo-bonito-tambien-conecta-con-el-usuario\/"},"wordCount":287,"commentCount":0,"publisher":{"@id":"https:\/\/subitoagency.com\/#organization"},"image":{"@id":"https:\/\/subitoagency.com\/design\/diseno-emocional-cuando-lo-bonito-tambien-conecta-con-el-usuario\/#primaryimage"},"thumbnailUrl":"https:\/\/subitoagency.com\/wp-content\/uploads\/2025\/07\/clem-onojeghuo-JYE7aeJURSw-unsplash-scaled.jpg","articleSection":["Design"],"inLanguage":"es-CO","potentialAction":[{"@type":"CommentAction","name":"Comment","target":["https:\/\/subitoagency.com\/design\/diseno-emocional-cuando-lo-bonito-tambien-conecta-con-el-usuario\/#respond"]}]},{"@type":"WebPage","@id":"https:\/\/subitoagency.com\/design\/diseno-emocional-cuando-lo-bonito-tambien-conecta-con-el-usuario\/","url":"https:\/\/subitoagency.com\/design\/diseno-emocional-cuando-lo-bonito-tambien-conecta-con-el-usuario\/","name":"Dise\u00f1o emocional: cuando lo bonito tambi\u00e9n conecta con el usuario - S\u00fabito","isPartOf":{"@id":"https:\/\/subitoagency.com\/#website"},"primaryImageOfPage":{"@id":"https:\/\/subitoagency.com\/design\/diseno-emocional-cuando-lo-bonito-tambien-conecta-con-el-usuario\/#primaryimage"},"image":{"@id":"https:\/\/subitoagency.com\/design\/diseno-emocional-cuando-lo-bonito-tambien-conecta-con-el-usuario\/#primaryimage"},"thumbnailUrl":"https:\/\/subitoagency.com\/wp-content\/uploads\/2025\/07\/clem-onojeghuo-JYE7aeJURSw-unsplash-scaled.jpg","datePublished":"2025-07-24T23:41:05+00:00","dateModified":"2025-07-24T23:44:08+00:00","breadcrumb":{"@id":"https:\/\/subitoagency.com\/design\/diseno-emocional-cuando-lo-bonito-tambien-conecta-con-el-usuario\/#breadcrumb"},"inLanguage":"es-CO","potentialAction":[{"@type":"ReadAction","target":["https:\/\/subitoagency.com\/design\/diseno-emocional-cuando-lo-bonito-tambien-conecta-con-el-usuario\/"]}]},{"@type":"ImageObject","inLanguage":"es-CO","@id":"https:\/\/subitoagency.com\/design\/diseno-emocional-cuando-lo-bonito-tambien-conecta-con-el-usuario\/#primaryimage","url":"https:\/\/subitoagency.com\/wp-content\/uploads\/2025\/07\/clem-onojeghuo-JYE7aeJURSw-unsplash-scaled.jpg","contentUrl":"https:\/\/subitoagency.com\/wp-content\/uploads\/2025\/07\/clem-onojeghuo-JYE7aeJURSw-unsplash-scaled.jpg","width":1707,"height":2560,"caption":"Marketing dise\u00f1o emocional"},{"@type":"BreadcrumbList","@id":"https:\/\/subitoagency.com\/design\/diseno-emocional-cuando-lo-bonito-tambien-conecta-con-el-usuario\/#breadcrumb","itemListElement":[{"@type":"ListItem","position":1,"name":"Home","item":"https:\/\/subitoagency.com\/"},{"@type":"ListItem","position":2,"name":"Dise\u00f1o emocional: cuando lo bonito tambi\u00e9n conecta con el usuario"}]},{"@type":"WebSite","@id":"https:\/\/subitoagency.com\/#website","url":"https:\/\/subitoagency.com\/","name":"S\u00fabito","description":"Agency","publisher":{"@id":"https:\/\/subitoagency.com\/#organization"},"potentialAction":[{"@type":"SearchAction","target":{"@type":"EntryPoint","urlTemplate":"https:\/\/subitoagency.com\/?s={search_term_string}"},"query-input":{"@type":"PropertyValueSpecification","valueRequired":true,"valueName":"search_term_string"}}],"inLanguage":"es-CO"},{"@type":"Organization","@id":"https:\/\/subitoagency.com\/#organization","name":"S\u00fabito","url":"https:\/\/subitoagency.com\/","logo":{"@type":"ImageObject","inLanguage":"es-CO","@id":"https:\/\/subitoagency.com\/#\/schema\/logo\/image\/","url":"https:\/\/subitoagency.com\/wp-content\/uploads\/2024\/09\/Logotipo-negrocolor.png","contentUrl":"https:\/\/subitoagency.com\/wp-content\/uploads\/2024\/09\/Logotipo-negrocolor.png","width":4501,"height":4500,"caption":"S\u00fabito"},"image":{"@id":"https:\/\/subitoagency.com\/#\/schema\/logo\/image\/"},"sameAs":["https:\/\/www.facebook.com\/subito.agency","https:\/\/www.instagram.com\/subito.agency\/"]},{"@type":"Person","@id":"https:\/\/subitoagency.com\/#\/schema\/person\/b6b398e6dd71cbe53db7202199838d46","name":"admin","image":{"@type":"ImageObject","inLanguage":"es-CO","@id":"https:\/\/secure.gravatar.com\/avatar\/26f95b6746609e354ed8dd82ec6a681b397aedaf7f750096f3a8afdc0ddda065?s=96&d=mm&r=g","url":"https:\/\/secure.gravatar.com\/avatar\/26f95b6746609e354ed8dd82ec6a681b397aedaf7f750096f3a8afdc0ddda065?s=96&d=mm&r=g","contentUrl":"https:\/\/secure.gravatar.com\/avatar\/26f95b6746609e354ed8dd82ec6a681b397aedaf7f750096f3a8afdc0ddda065?s=96&d=mm&r=g","caption":"admin"},"sameAs":["https:\/\/subitoagency.com"],"url":"https:\/\/subitoagency.com\/es\/author\/admin\/"}]}},"_links":{"self":[{"href":"https:\/\/subitoagency.com\/es\/wp-json\/wp\/v2\/posts\/1998","targetHints":{"allow":["GET"]}}],"collection":[{"href":"https:\/\/subitoagency.com\/es\/wp-json\/wp\/v2\/posts"}],"about":[{"href":"https:\/\/subitoagency.com\/es\/wp-json\/wp\/v2\/types\/post"}],"author":[{"embeddable":true,"href":"https:\/\/subitoagency.com\/es\/wp-json\/wp\/v2\/users\/1"}],"replies":[{"embeddable":true,"href":"https:\/\/subitoagency.com\/es\/wp-json\/wp\/v2\/comments?post=1998"}],"version-history":[{"count":5,"href":"https:\/\/subitoagency.com\/es\/wp-json\/wp\/v2\/posts\/1998\/revisions"}],"predecessor-version":[{"id":2085,"href":"https:\/\/subitoagency.com\/es\/wp-json\/wp\/v2\/posts\/1998\/revisions\/2085"}],"wp:featuredmedia":[{"embeddable":true,"href":"https:\/\/subitoagency.com\/es\/wp-json\/wp\/v2\/media\/2003"}],"wp:attachment":[{"href":"https:\/\/subitoagency.com\/es\/wp-json\/wp\/v2\/media?parent=1998"}],"wp:term":[{"taxonomy":"category","embeddable":true,"href":"https:\/\/subitoagency.com\/es\/wp-json\/wp\/v2\/categories?post=1998"},{"taxonomy":"post_tag","embeddable":true,"href":"https:\/\/subitoagency.com\/es\/wp-json\/wp\/v2\/tags?post=1998"}],"curies":[{"name":"wp","href":"https:\/\/api.w.org\/{rel}","templated":true}]}}